[{"@context":"https:\/\/schema.org\/","@type":"Article","@id":"https:\/\/www.galium.cz\/drahy-mobil\/#Article","mainEntityOfPage":"https:\/\/www.galium.cz\/drahy-mobil\/","headline":"Drah\u00fd mobil","name":"Drah\u00fd mobil","description":"V dne\u0161n\u00ed dob\u011b u\u017e m\u00e1 mobiln\u00ed telefon t\u00e9m\u011b\u0159 ka\u017ed\u00fd, dokonce u\u017e i mal\u00e9 d\u011bti. V\u011bd\u011bli jste o tom, \u017ee t\u0159eba u\u017e i \u0161estilet\u00e9 nebo i sedmilet\u00e9 d\u011bti maj\u00ed sv\u016fj mobiln\u00ed telefon? Ano, vy se mo\u017en\u00e1 chyt\u00e1te za hlavu, proto\u017ee si \u0159\u00edk\u00e1te, \u017ee tohle je opravdu hodn\u011b brzo, aby takhle mal\u00e9 d\u00edt\u011b by v\u016fbec nem\u011blo m\u00edt [&hellip;]","datePublished":"2024-11-10","dateModified":"2024-11-10","author":{"@type":"Person","@id":"https:\/\/www.galium.cz\/author\/#Person","name":"","url":"https:\/\/www.galium.cz\/author\/","identifier":1,"image":{"@type":"ImageObject","@id":"https:\/\/secure.gravatar.com\/avatar\/0379e0c919e89f337c2f51ff1404922f8441b43281fb91f3719df99f70b9888f?s=96&d=mm&r=g","url":"https:\/\/secure.gravatar.com\/avatar\/0379e0c919e89f337c2f51ff1404922f8441b43281fb91f3719df99f70b9888f?s=96&d=mm&r=g","height":96,"width":96}},"publisher":{"@type":"Organization","name":"galium.cz","logo":{"@type":"ImageObject","@id":"\/logo.png","url":"\/logo.png","width":600,"height":60}},"image":{"@type":"ImageObject","@id":"https:\/\/www.galium.cz\/wp-content\/uploads\/mobile-2563782_1280.jpg","url":"https:\/\/www.galium.cz\/wp-content\/uploads\/mobile-2563782_1280.jpg","height":0,"width":0},"url":"https:\/\/www.galium.cz\/drahy-mobil\/","about":["Produkty"],"wordCount":431,"articleBody":"      V dne\u0161n\u00ed dob\u011b u\u017e m\u00e1 mobiln\u00ed telefon t\u00e9m\u011b\u0159 ka\u017ed\u00fd, dokonce u\u017e i mal\u00e9 d\u011bti. V\u011bd\u011bli jste o tom, \u017ee t\u0159eba u\u017e i \u0161estilet\u00e9 nebo i sedmilet\u00e9 d\u011bti maj\u00ed sv\u016fj mobiln\u00ed telefon? Ano, vy se mo\u017en\u00e1 chyt\u00e1te za hlavu, proto\u017ee si \u0159\u00edk\u00e1te, \u017ee tohle je opravdu hodn\u011b brzo, aby takhle mal\u00e9 d\u00edt\u011b by v\u016fbec nem\u011blo m\u00edt mobiln\u00ed telefon a \u017ee by s mobiln\u00edm telefonem tak\u00e9 ani nem\u011blo p\u0159ij\u00edt ke styku. Jenom\u017ee dne\u0161n\u00ed doba je \u00fapln\u011b jin\u00e1. Dne\u0161n\u00ed doba je takov\u00e1 technick\u00e9ho r\u00e1zu je p\u0159etechnizovan\u00e1 a je jednadvac\u00e1t\u00e9 stolet\u00ed a je tud\u00ed\u017e logick\u00e9, \u017ee mal\u00e9 d\u011bti se vlastn\u011b s mobiln\u00edm telefonem v ruce u\u017e rod\u00ed.Ale tak\u00e9 bych cht\u011bla zm\u00ednit, \u017ee pokud si po\u0159\u00edd\u00edte n\u011bjak\u00fd mobiln\u00ed telefon, \u017ee byste si tak\u00e9 k n\u011bmu m\u011bli po\u0159\u00eddit n\u011bjak\u00fd kryt nebo obal anebo n\u011bjak\u00e9 pouzdro na mobiln\u00ed telefon. Samoz\u0159ejm\u011b, \u017ee kdy\u017e si koup\u00edte n\u011bjak\u00fd opravdu hodn\u011b drah\u00fd anebo p\u0159edra\u017een\u00fd mobiln\u00ed telefony, jako nap\u0159\u00edklad iPhone 12, tak bych doporu\u010dovala, abyste taky na to m\u011bli n\u011bjak\u00fd kryt. Kryt na iPhone 12 je velice praktick\u00fd a tak\u00e9 zamez\u00ed r\u016fzn\u00fdm kosmetick\u00fdm poran\u011bn\u00edm va\u0161eho telefonu. T\u0159eba kdy\u017e v\u00e1m spadne na zem, tak se v\u00e1m tak \u00fapln\u011b neod\u0159e, jako kdyby v\u00e1m mobiln\u00ed telefon iPhone 12 spadl na zem bez krytu. Kdyby v\u00e1m tento mobiln\u00ed telefon spadl na zem a nem\u011bli byste ho v krytu nebo v obalu. Nebo v n\u011bjak\u00e9m ochrann\u00e9m pouzd\u0159e, tak si mysl\u00edm, \u017ee by se t\u0159eba mohl \u00fapln\u011b rozb\u00edt a \u017ee by mu nefungovala pak ani dotykov\u00e1 obrazovka. To j\u00e1 m\u00e1m tak\u00e9 mobiln\u00ed telefon, m\u00e1m iPhone 12 a tak\u00e9 m\u00e1m n\u011bkolik kryt\u016f a tak\u00e9 obal\u016f na tento mobiln\u00ed telefon, proto\u017ee opravdu si nedok\u00e1\u017eu p\u0159edstavit, \u017ee kdybych n\u00e1hodou m\u011bla mobiln\u00ed telefon a nem\u011bla ho v obalu anebo v krytu a potom by mi spadl na zem, tak vlastn\u011b by se poni\u010dil mou vlastn\u00ed vinou, mou vlastn\u00ed chybou. Tak\u017ee i v\u00e1m doporu\u010duji, abyste si po\u0159\u00eddili kryt na iPhone 12, proto\u017ee je to velice praktick\u00e9. A uvid\u00edte sami, \u017ee se v\u00e1m to vyplat\u00ed. Necht\u011bla bych, aby mi spadl mobiln\u00ed telefon, kdybych ho nem\u011bla v obalu. Mysl\u00edm si, \u017ee bych se asi z toho zbl\u00e1znila.                                                                                                                                                                                                                                                                                                                                                                                          4.3\/5 - (6 votes)        "},{"@context":"https:\/\/schema.org\/","@type":"BreadcrumbList","itemListElement":[{"@type":"ListItem","position":1,"name":"Drah\u00fd mobil","item":"https:\/\/www.galium.cz\/drahy-mobil\/#breadcrumbitem"}]}]