[{"@context":"https:\/\/schema.org\/","@type":"Article","@id":"https:\/\/www.galium.cz\/jak-prestehovat-chladnicku-a-mrazak\/#Article","mainEntityOfPage":"https:\/\/www.galium.cz\/jak-prestehovat-chladnicku-a-mrazak\/","headline":"Jak p\u0159est\u011bhovat chladni\u010dku a mraz\u00e1k","name":"Jak p\u0159est\u011bhovat chladni\u010dku a mraz\u00e1k","description":"Chyst\u00e1te se na st\u011bhov\u00e1n\u00ed sv\u00e9pomoc\u00ed a cht\u011bli byste od st\u011bhovac\u00ed firmy vypom\u00e1hat s t\u011bmi nejt\u011b\u017e\u0161\u00edmi p\u0159edm\u011bty, jako jsou dlouh\u00e9 koberce, staro\u017eitn\u00fd n\u00e1bytek a velk\u00e9 dom\u00e1c\u00ed spot\u0159ebi\u010de, zejm\u00e9na pra\u010dka a chladni\u010dka s mraz\u00e1kem? Pak se v prvn\u00ed \u0159ad\u011b zam\u011b\u0159te na po\u0159\u00edzen\u00ed tenk\u00e9 tzv. flexi neboli stretch f\u00f3lie, kterou obal\u00edte tyto p\u0159edm\u011bty, aby se p\u0159i st\u011bhov\u00e1n\u00ed nepo\u0161kodily. [&hellip;]","datePublished":"2023-08-20","dateModified":"2023-09-20","author":{"@type":"Person","@id":"https:\/\/www.galium.cz\/author\/#Person","name":"","url":"https:\/\/www.galium.cz\/author\/","identifier":1,"image":{"@type":"ImageObject","@id":"https:\/\/secure.gravatar.com\/avatar\/0379e0c919e89f337c2f51ff1404922f8441b43281fb91f3719df99f70b9888f?s=96&d=mm&r=g","url":"https:\/\/secure.gravatar.com\/avatar\/0379e0c919e89f337c2f51ff1404922f8441b43281fb91f3719df99f70b9888f?s=96&d=mm&r=g","height":96,"width":96}},"publisher":{"@type":"Organization","name":"galium.cz","logo":{"@type":"ImageObject","@id":"\/logo.png","url":"\/logo.png","width":600,"height":60}},"image":{"@type":"ImageObject","@id":"https:\/\/www.galium.cz\/wp-content\/uploads\/bedroom-389254_640_2.jpg","url":"https:\/\/www.galium.cz\/wp-content\/uploads\/bedroom-389254_640_2.jpg","height":0,"width":0},"url":"https:\/\/www.galium.cz\/jak-prestehovat-chladnicku-a-mrazak\/","about":["Spole\u010dnosti"],"wordCount":438,"articleBody":"   Chyst\u00e1te se na st\u011bhov\u00e1n\u00ed sv\u00e9pomoc\u00ed a cht\u011bli byste od st\u011bhovac\u00ed firmy vypom\u00e1hat s t\u011bmi nejt\u011b\u017e\u0161\u00edmi p\u0159edm\u011bty, jako jsou dlouh\u00e9 koberce, staro\u017eitn\u00fd n\u00e1bytek a velk\u00e9 dom\u00e1c\u00ed spot\u0159ebi\u010de, zejm\u00e9na pra\u010dka a chladni\u010dka s mraz\u00e1kem? Pak se v prvn\u00ed \u0159ad\u011b zam\u011b\u0159te na po\u0159\u00edzen\u00ed tenk\u00e9 tzv. flexi neboli stretch f\u00f3lie, kterou obal\u00edte tyto p\u0159edm\u011bty, aby se p\u0159i st\u011bhov\u00e1n\u00ed nepo\u0161kodily. T\u00edmto zp\u016fsobem snadno \u201ezabal\u00edte\u201c i zrcadla a v\u011bt\u0161\u00ed sv\u00edtidla nebo kuchy\u0148sk\u00e9 \u017eidle, postupujte od men\u0161\u00edch p\u0159edm\u011bt\u016f k v\u011bt\u0161\u00edm a na konec si ponechejte chladni\u010dku. Ta by se m\u011bla balit jako \u00fapln\u011b posledn\u00ed p\u0159edm\u011bt v dom\u00e1cnosti, proto\u017ee ji budete pot\u0159ebovat a\u017e t\u00e9m\u011b\u0159 do posledn\u00edho dne p\u0159ed levn\u00fdm st\u011bhov\u00e1n\u00edm v Praze 8.D\u016fle\u017eit\u00e9 je balen\u00ed chladni\u010dky na\u010dasovat \u2013 jakmile budete zn\u00e1t term\u00edn st\u011bhov\u00e1n\u00ed a budete m\u00edt objednanou st\u011bhovac\u00ed firmu, za\u010dn\u011bte s na\u010dasov\u00e1n\u00edm zpracov\u00e1n\u00ed potravin. Vyplat\u00ed se v\u0161e si v chladni\u010dce i v mraz\u00e1ku ozna\u010dit samolepkami s datem vypr\u00e1zdn\u011bn\u00ed. Pro n\u00e1zorn\u00fd p\u0159\u00edklad m\u016f\u017eeme pou\u017e\u00edt t\u0159eba tento koncept: V mraz\u00e1ku m\u00e1te mra\u017een\u00e9 meru\u0148ky, dv\u011b porce hotov\u00fdch j\u00eddel, naporcovan\u00e9 ku\u0159e a lososa a n\u011bkolik s\u00e1\u010dk\u016f mra\u017een\u00e9 zeleniny. Na pond\u011bl\u00ed si ozna\u010dte lososa, na \u00fater\u00fd ku\u0159ec\u00ed pl\u00e1tky, na st\u0159edu meru\u0148ky, z nich\u017e p\u0159iprav\u00edte meru\u0148kov\u00e9 knedl\u00edky atd. Takto postupn\u011b vyj\u00edte mraz\u00e1k a obdobn\u00fdm zp\u016fsobem to provedete s chladni\u010dkou.Odmrazen\u00ed a vysu\u0161en\u00ed \u2013 chladni\u010dku s mraz\u00e1kem odmrazujte dva dny p\u0159ed st\u011bhov\u00e1n\u00edm a nechte je d\u016fkladn\u011b vyschnout s otev\u0159en\u00fdmi dv\u00ed\u0159ky. Teprve pot\u00e9 dv\u00ed\u0159ka uzav\u0159ete, vyndejte z vnit\u0159n\u00edch prostor v\u0161echny pohybliv\u00e9 \u010d\u00e1sti (sklen\u011bn\u00e9, plastov\u00e9 a kovov\u00e9 reg\u00e1ly a m\u0159\u00ed\u017eky) a n\u00e1sledn\u011b chladni\u010dku s mraz\u00e1kem obalte stretch f\u00f3li\u00ed.Chladni\u010dku rad\u011bji nest\u011bhujte sami, nechte to na st\u011bhov\u00e1c\u00edch, kte\u0159\u00ed tak\u00e9 v\u00ed, \u017ee by se tyto v\u00fdrobky m\u011bly st\u011bhovat (p\u0159en\u00e1\u0161et) ve svisl\u00e9 poloze, a po p\u0159est\u011bhov\u00e1n\u00ed nechte usadit chladic\u00ed sm\u011bs v kompresoru a zap\u00ednejte spot\u0159ebi\u010d a\u017e dv\u011b hodiny pot\u00e9, co bude ji\u017e stabiln\u011b usazen\u00fd na sv\u00e9m nov\u00e9m m\u00edst\u011b.                                                                                                                                                                                                                                                                                                                                                                                          3.7\/5 - (4 votes)        "},{"@context":"https:\/\/schema.org\/","@type":"BreadcrumbList","itemListElement":[{"@type":"ListItem","position":1,"name":"Jak p\u0159est\u011bhovat chladni\u010dku a mraz\u00e1k","item":"https:\/\/www.galium.cz\/jak-prestehovat-chladnicku-a-mrazak\/#breadcrumbitem"}]}]